{"id":166,"date":"2024-04-10T09:27:00","date_gmt":"2024-04-10T06:27:00","guid":{"rendered":"https:\/\/imetys.fi\/imetysuutisia\/?p=166"},"modified":"2025-10-02T08:29:07","modified_gmt":"2025-10-02T05:29:07","slug":"imetyksen-vuosisata-1920-30-luvut","status":"publish","type":"post","link":"https:\/\/imetys.fi\/imetyselamaa\/imetyksen-vuosisata-1920-30-luvut\/","title":{"rendered":"1920\u201330-luku: Imetys&shy;valistuksella ja neuvola&shy;toiminnalla lapsi&shy;kuolleisuus laskuun"},"content":{"rendered":"\n<p>1920-luvun Suomessa imev\u00e4iskuolleisuus oli merkitt\u00e4v\u00e4 yhteiskunnallinen ongelma. Vuosikymmenen alussa 10 000\u201315 000 el\u00e4v\u00e4n\u00e4 syntynytt\u00e4 vauvaa kuoli vuosittain ensimm\u00e4isen ik\u00e4vuoden aikana. Imev\u00e4iskuolleisuus oli sata vuotta sitten noin 11 %, eli merkitt\u00e4v\u00e4sti suurempi kuin nykyisi\u00e4 tilastoja johtavissa kehittyviss\u00e4 maissa, joissa kuolleisuus on 7\u20138 prosenttia el\u00e4v\u00e4n\u00e4 syntyneist\u00e4.<\/p>\n\n\n\n<p>Aikakauden valveutuneet lastenl\u00e4\u00e4k\u00e4rit, kuten <strong>Viljo Rantasalo, Armas Ruotsalainen<\/strong> ja <strong>Arvo Ylpp\u00f6<\/strong> ottivat asiakseen imev\u00e4iskuolleisuuteen liittyv\u00e4n huolen esilletuomisen ammattilehdiss\u00e4 ja suurelle yleis\u00f6lle tarkoitetuissa julkaisuissa. Her\u00e4ttelev\u00e4sti he vetosivat paitsi inhimilliseen k\u00e4rsimykseen, my\u00f6s kansantaloudellisiin tappioihin, joita aiheutui muun muassa turhiksi osoittautuvista terveydenhoitokuluista ja ty\u00f6voiman menett\u00e4misest\u00e4. Vertailun vuoksi esitettiin lukuja muista Pohjoismaista, joissa imev\u00e4isi\u00e4ss\u00e4 kuolleiden osuus j\u00e4i puoleen Suomen tilanteesta.<\/p>\n\n\n\n<details class=\"wp-block-details has-hyvin-vaalea-rosa-background-color has-background is-layout-flow wp-block-details-is-layout-flow\"><summary><strong>20-luvun imetyssanastoa\u00a0<\/strong><\/summary>\n<p><strong><em>\u00e4skensyntynyt<\/em><\/strong> &#8211; vastasyntynyt<br><strong><em>luonnollinen ja luonnoton ruokinta<\/em><\/strong> &#8211; imetys ja korvikeruokinta<br><strong><em>kaksimaitoravitseminen &#8211;<\/em><\/strong> osittaisimetys<br><strong><em>heramaito, pihkamaito &#8211;<\/em><\/strong> ensimaito, kolostrum<br><strong><em>rintanis\u00e4 &#8211;<\/em><\/strong> n\u00e4nni<br><strong><em>maitokyhmy &#8211;<\/em><\/strong> tiehyttukos<br><strong><em>maidontiputtaminen &#8211;<\/em><\/strong> lyps\u00e4minen<\/p>\n<\/details>\n\n\n\n<p>Imev\u00e4iskuolleisuuden aiheuttajat olivat lastenl\u00e4\u00e4k\u00e4rikunnalla hyvin tiedossa. Vaarallisille infektioille ja ravitsemush\u00e4iri\u00f6ille altisti v\u00e4\u00e4r\u00e4nlainen ruokinta. Imetyksen sijaan oli tavallista antaa vauvoille lehm\u00e4nmaidosta ja viljavelleist\u00e4 valmistettuja kotitekoisia maitoseoksia, joiden soveltuvuudessa ja hygieenisyydess\u00e4 oli paljon puutteita. Lastenl\u00e4\u00e4k\u00e4rit varoittelivat uskomasta my\u00f6sk\u00e4\u00e4n \u201dtehtailijoiden ilmoituksiin\u201d kaupallisten korvikevalmisteiden erinomaisuudesta. Ei-imetettyjen vauvojen kuolleisuus oli seitsem\u00e4nkertaista imetettyihin verrattuna.<\/p>\n\n\n\n<div class=\"wp-block-group has-hyvin-vaalea-rosa-background-color has-background has-global-padding is-layout-constrained wp-block-group-is-layout-constrained\">\n<p><em>\u201d\u00c4idinmaito on lapsen ainutlaatuinen, luonnollinen ravinto. Sen kokoomus on erilainen kuin el\u00e4imenmaidon. Se ei voi olla huonoa. Se nautitaan suoraan rinnasta eik\u00e4 siis voi olla pilaantunutta. Se sis\u00e4lt\u00e4\u00e4 aineita, jotka tekev\u00e4t lapsen vastustuskykyisemm\u00e4ksi tauteja vastaan (k\u00e4yteaineita ja vastamyrkkyj\u00e4)\u201d<br><br><\/em>\u2013 Erich Krasemann, 1923<\/p>\n<\/div>\n\n\n\n<h2 class=\"wp-block-heading\"><strong>Tietoa ja tunteisiin vetoamista<\/strong><\/h2>\n\n\n\n<p>Imett\u00e4myyden syiksi l\u00e4\u00e4k\u00e4rit p\u00e4\u00e4tteliv\u00e4t \u00e4itien tiedonpuutteen ja mukavuudenhalun. T\u00e4rkeimp\u00e4n\u00e4 imetyksen edist\u00e4miskeinona pidettiin valistuksen lis\u00e4\u00e4mist\u00e4 imetyksen hy\u00f6dyist\u00e4. Terveysviestint\u00e4 ei kuitenkaan aina ollut erityisen asiakeskeist\u00e4, vaan mukana oli imetyksen haltioitunutta ylist\u00e4mist\u00e4 ja imett\u00e4m\u00e4tt\u00f6myyden luonnottomuudella ja piittaamattomuudella syyllist\u00e4mist\u00e4.&nbsp;<\/p>\n\n\n\n<p>Imetyst\u00e4 haluttiin edist\u00e4\u00e4 my\u00f6s siksi, ett\u00e4 l\u00e4\u00e4k\u00e4rikunnan havaintojen perusteella imetys loi \u00e4idin ja lapsen v\u00e4lille siteen, jonka ansiosta imetetyt lapset tulivat muutenkin paremmin hoidetuiksi. Varhaisella kiintymyssuhteella saattoikin olla erityisen paljon merkityst\u00e4 yhteiskunnassa, jossa \u00e4idit palasivat ansiot\u00f6ihin tai talon t\u00f6ihin nopeasti synnytyksen j\u00e4lkeen, ja lapset olivat nykyk\u00e4yt\u00e4nt\u00f6ihin verrattuna paljon oman onnensa nojassa tai muiden hoidossa. Imetys my\u00f6s ehk\u00e4isi raskaaksi tulemista ja toimi perhesuunnittelukeinona aikana, jolloin ehk\u00e4isymenetelm\u00e4t olivat ep\u00e4varmoja ja v\u00e4h\u00e4n k\u00e4ytettyj\u00e4.<\/p>\n\n\n\n<div class=\"wp-block-group has-hyvin-vaalea-rosa-background-color has-background has-global-padding is-layout-constrained wp-block-group-is-layout-constrained\">\n<p><em>\u201d\u00c4iti, joka voi imett\u00e4\u00e4 lastansa, mutta turhamaisista syist\u00e4 ei sit\u00e4 tee, ei ansaitse \u00e4idin nime\u00e4. Sellainen \u00e4iti rikkoo luonnon pyh\u00e4n k\u00e4skyn pannen pienokaisensa hengen ja terveyden vaaroille alttiiksi\u201d<\/em><br><\/p>\n\n\n\n<p>\u2013 Armas Ruotsalainen, 1927<\/p>\n<\/div>\n\n\n\n<figure class=\"wp-block-image size-large\"><img decoding=\"async\" width=\"739\" height=\"1024\" src=\"https:\/\/imetys.fi\/imetyselamaa\/wp-content\/uploads\/2025\/09\/historia20-30_1-739x1024.jpg\" alt=\"Sairaanhoitaja punnitsee vauvaa lastensairaala Lastenlinnassa, Helsingiss\u00e4 1921. Oikealla ylil\u00e4\u00e4k\u00e4ri, professori Arvo Ylpp\u00f6.\" class=\"wp-image-168\" srcset=\"https:\/\/imetys.fi\/imetyselamaa\/wp-content\/uploads\/2025\/09\/historia20-30_1-739x1024.jpg 739w, https:\/\/imetys.fi\/imetyselamaa\/wp-content\/uploads\/2025\/09\/historia20-30_1-216x300.jpg 216w, https:\/\/imetys.fi\/imetyselamaa\/wp-content\/uploads\/2025\/09\/historia20-30_1-768x1065.jpg 768w, https:\/\/imetys.fi\/imetyselamaa\/wp-content\/uploads\/2025\/09\/historia20-30_1.jpg 1010w\" sizes=\"(max-width: 739px) 100vw, 739px\" \/><figcaption class=\"wp-element-caption\">Sairaanhoitaja punnitsee vauvaa lastensairaala Lastenlinnassa, Helsingiss\u00e4 1921. Oikealla ylil\u00e4\u00e4k\u00e4ri, professori Arvo Ylpp\u00f6.<\/figcaption><\/figure>\n\n\n\n<details class=\"wp-block-details has-hyvin-vaalea-rosa-background-color has-background is-layout-flow wp-block-details-is-layout-flow\"><summary> <strong>20\u201330-luvun imetysohjaus<\/strong><\/summary>\n<ul class=\"wp-block-list\">\n<li>Raskausaikana rintoja valmistellaan imetykseen vaseliinilla rasvaamalla<\/li>\n\n\n\n<li>Ensi-imetys 12\u201324 tunnin i\u00e4ss\u00e4<\/li>\n\n\n\n<li>Rinnat pest\u00e4\u00e4n ennen imetyst\u00e4<\/li>\n\n\n\n<li>Imetyskerran aluksi ensimm\u00e4iset maidot puristetaan hukkaan maito k\u00e4yt\u00e4viin tunkeutuneiden taudiniti\u00f6iden poistamiseksi<\/li>\n\n\n\n<li>Imetyskertoja 5\/vrk, poikkeuksena keskoset ja heikot vauvat, joita voi imett\u00e4\u00e4 6\u20137 kertaa<\/li>\n\n\n\n<li>Yhdell\u00e4 imetyskerralla imetet\u00e4\u00e4n vain yhdest\u00e4 rinnasta<\/li>\n\n\n\n<li>Imetyskerran kesto korkeintaan 20 minuuttia<\/li>\n\n\n\n<li>Lis\u00e4ruokien aloitus v\u00e4hitellen 5\u20136 kuukauden i\u00e4ss\u00e4<\/li>\n\n\n\n<li>Imetyksen kesto 8\u201310 kuukautta, vieroittaminen v\u00e4hitellen, kes\u00e4aikaan ei saa vieroittaa\u00a0<\/li>\n<\/ul>\n<\/details>\n\n\n\n<h2 class=\"wp-block-heading\"><strong>Korvikejakelusta neuvolatoiminnaksi<\/strong><\/h2>\n\n\n\n<p>Jo vuosisadan alkupuolelta asti Suomessa oli toiminut Maitopisarayhdistyksen asemia, joista \u00e4idit saivat neuvontaa lastenhoitoon sek\u00e4 luovutettua rintamaitoa tai aseptisesti valmistettuja korvikemaitoannoksia vauvoilleen. Maitojakelu ei ollut ilmaista, mutta hinta m\u00e4\u00e4r\u00e4ytyi perheen varallisuuden mukaan. Koska tarkoituksena ei ollut v\u00e4h\u00e4tell\u00e4 imetyksen ensisijaisuutta, imett\u00e4m\u00e4tt\u00f6myydelle oli oltava perustelu. Tavallisin peruste maitoannosten my\u00f6nt\u00e4miselle oli ty\u00f6l\u00e4is\u00e4idin varhainen t\u00f6ihinpaluu.<\/p>\n\n\n\n<div class=\"wp-block-group has-hyvin-vaalea-rosa-background-color has-background has-global-padding is-layout-constrained wp-block-group-is-layout-constrained\">\n<p><em>\u201dKodin ulkopuolella ty\u00f6skentelev\u00e4 \u00e4iti tavallisesti verrattain pian kadottaa imett\u00e4miskykyns\u00e4, lapselle korvaamattomaksi vahingoksi. Olemme n\u00e4in joutuneet sosiaalisen ep\u00e4kohdan eteen, joka viel\u00e4 odottaa ratkaisuansa\u201d<br><br><\/em>\u2013 Viljo Rantasalo, 1936<\/p>\n<\/div>\n\n\n\n<p>Lastenl\u00e4\u00e4k\u00e4ri Arvo Ylpp\u00f6 ymm\u00e4rsi Maitopisarayhdistyksen toiminnan merkityksellisyyden ja ryhtyi kehitt\u00e4m\u00e4\u00e4n mallia eteenp\u00e4in. Ylpp\u00f6 oli ty\u00f6skennellyt ja tehnyt tutkimusta Saksassa melkein koko 1910-luvun ja tutustunut saksalaiseen terveydenhuoltoon. H\u00e4nen aloitteesta Helsingin Lastenklinikan yhteydess\u00e4 alettiin 20-luvun alussa kokeilla Saksan mallin mukaista ilmaista neuvonta-asemaa alle kouluik\u00e4isille lapsille. Toiminnan rahoitti vastaperustettu Kenraali Mannerheimin lastensuojeluliitto.&nbsp;<\/p>\n\n\n\n<p>Lastenklinikan neuvonta-asemalla ty\u00f6parina ty\u00f6skenteliv\u00e4t terveyssisar tai -opiskelija sek\u00e4 lastenl\u00e4\u00e4k\u00e4ri. Toiminnan alkuaikoina asema toimi Lastenklinikan halkokellarissa. Vaikka puitteet olivat vaatimattomat, toiminta oli menestyksek\u00e4st\u00e4 ja 20\u201330-lukujen aikana perustettiin 150 vastaavaa neuvonta-asemaa eri paikkakunnille. Ylpp\u00f6 itse puhui pikkulastenhuoltoloista, mutta h\u00e4nen kollegansa, Viljo Rantasalon, sanotaan keksineen neuvola-sanan, joka vakiintui k\u00e4ytt\u00f6\u00f6n 30-luvulla. Neuvoloiden vaikutuspiiriss\u00e4 imev\u00e4iskuolleisuus v\u00e4heni nopeasti muutamaan prosenttiin. Vuonna 1937 s\u00e4\u00e4dettiin ensimm\u00e4isen kerran \u00e4itiys\u00adavustuslaista, jonka tavoitteena oli motivoida v\u00e4h\u00e4varaiset \u00e4idit neuvola\u00adj\u00e4rjestelm\u00e4n piiriin.<\/p>\n\n\n\n<h2 class=\"wp-block-heading\"><strong>Ajan henki hiipii imetysohjeisiin<\/strong><\/h2>\n\n\n\n<p>Vaikka Saksassa oltiin imetystutkimuksessa edell\u00e4 Suomea ja tiedettiin esimerkiksi imetyksen rintasy\u00f6p\u00e4riski\u00e4 v\u00e4hent\u00e4v\u00e4st\u00e4 vaikutuksesta vuosikymmeni\u00e4 ennen kuin Suomessa, kaikki Saksasta tuodut vaikutteet eiv\u00e4t olleet yht\u00e4 my\u00f6nteisi\u00e4 kuin neuvola. Ennen toista maailmansotaa Saksassa oli vahvistumassa natsi\u00adaatteeseen ideologisesti peilautuva lastenkasvatuskulttuuri, joka painotti fyysisen ja henkisen karaisemisen t\u00e4rkeytt\u00e4 vauvojen ja pienten lasten hoidossa. Vaikka suomalaisten lasten\u00adl\u00e4\u00e4k\u00e4rien tavoitteena oli parantaa imev\u00e4isten terveytt\u00e4 ja selviytymist\u00e4, heid\u00e4n julkaisuillaan my\u00f6s suomalaisiin ohjeisiin vakiinnutettiin ihanne imetyskertojen ja lapsen tarpeisiin vastaamisen rajoittamisesta.&nbsp;<\/p>\n\n\n\n<p>Jo aiemminkin imetyksen rytmitt\u00e4mist\u00e4 oli pidetty hy\u00f6dyllisen\u00e4. Viime vuosisadan vaihteessa riitt\u00e4v\u00e4n\u00e4 pidettiin noin 7\u20139 tasaisin v\u00e4liajoin toteutettua imetyskertaa. 20-luvulle tultaessa ohjeistettiin rajoittamaan imetyskertojen m\u00e4\u00e4r\u00e4 viiteen kertaan vuorokaudessa. Ohjeena oli my\u00f6s, ett\u00e4 vauva tuli jo ensimm\u00e4isten p\u00e4ivien j\u00e4lkeen totuttaa kahdeksan tunnin y\u00f6uniin, tavoitteesta periksi antamatta. Vaikka lastenl\u00e4\u00e4k\u00e4rit suosittelivat imetyskertojen tiukkaa rytmitt\u00e4mist\u00e4, he eiv\u00e4t olleet&nbsp; tiet\u00e4m\u00e4tt\u00f6mi\u00e4 maitom\u00e4\u00e4r\u00e4\u00e4 s\u00e4\u00e4telev\u00e4st\u00e4 kysynn\u00e4n ja tarjonnan laista:<\/p>\n\n\n\n<div class=\"wp-block-group has-hyvin-vaalea-rosa-background-color has-background has-global-padding is-layout-constrained wp-block-group-is-layout-constrained\">\n<p><em>\u201dOn useimmiten huomattavissa ihmeellinen yhteenmukautuminen maidon enenemisen ja lapsen lis\u00e4\u00e4ntyneen ravinnontarpeen v\u00e4lill\u00e4\u201d&nbsp;<\/em><\/p>\n\n\n\n<p>\u2013 Arvo Ylpp\u00f6, 1925<\/p>\n<\/div>\n\n\n\n<p>Vallalla oli kuitenkin vankka uskomus siit\u00e4, ett\u00e4 lapsen vatsan tulee saada lepoa aterioiden v\u00e4liss\u00e4. Mik\u00e4li \u00e4idin maitom\u00e4\u00e4r\u00e4 ei riitt\u00e4nyt vauvalle, imetyskertojen lis\u00e4\u00e4misen sijaan voitiin harkita tehokkaammin imev\u00e4n, isomman vauvan lainaamista maidonnostatukseen. My\u00f6s k\u00e4sin tai pumpulla lyps\u00e4mist\u00e4 k\u00e4ytettiin apuna heikosti imevien vauvojen ravitsemisessa.<\/p>\n\n\n\n<figure class=\"wp-block-image size-large has-custom-border\" style=\"margin-top:var(--wp--preset--spacing--30);margin-right:0;margin-bottom:var(--wp--preset--spacing--30);margin-left:0\"><img decoding=\"async\" width=\"1024\" height=\"760\" src=\"https:\/\/imetys.fi\/imetysuutisia\/wp-content\/uploads\/2025\/09\/historia20-30_P-1024x760.jpg\" alt=\"\" class=\"has-border-color has-valkoinen-border-color wp-image-170\" style=\"border-width:20px;border-radius:10px\" srcset=\"https:\/\/imetys.fi\/imetyselamaa\/wp-content\/uploads\/2025\/09\/historia20-30_P-1024x760.jpg 1024w, https:\/\/imetys.fi\/imetyselamaa\/wp-content\/uploads\/2025\/09\/historia20-30_P-300x223.jpg 300w, https:\/\/imetys.fi\/imetyselamaa\/wp-content\/uploads\/2025\/09\/historia20-30_P-768x570.jpg 768w, https:\/\/imetys.fi\/imetyselamaa\/wp-content\/uploads\/2025\/09\/historia20-30_P.jpg 1323w\" sizes=\"(max-width: 1024px) 100vw, 1024px\" \/><figcaption class=\"wp-element-caption\">\u00c4itej\u00e4 ja lapsia Maitopisaran neuvolassa, mahdollisesti osoitteessa Hakaniemenranta 4.<\/figcaption><\/figure>\n\n\n\n<h2 class=\"wp-block-heading\"><strong>Kaikuja sadan vuoden takaa<\/strong><\/h2>\n\n\n\n<p>Lastenl\u00e4\u00e4k\u00e4rien ja neuvonta-asemien ponnistelut imetyksen edist\u00e4miseksi 20\u201330-luvuilla olivat tuloksellisia: tieto lis\u00e4\u00e4ntyi, imetys yleistyi ja imev\u00e4iskuolleisuus v\u00e4heni. Ty\u00f6n merkitt\u00e4vyydest\u00e4 kertoo se, miten pitk\u00e4\u00e4n aikakauden rajoittaviin imetysohjeisiin uskottiin, vaikka aikalaismuistojen perusteella niit\u00e4 noudatettaessa itki moni \u00e4iti ja vauva. Erityisesti ohje s\u00e4ntillisist\u00e4 3\u20134 tunnin imetysv\u00e4leist\u00e4 piti pintansa vuosikymmeni\u00e4 senkin j\u00e4lkeen, kun tiukasta viiden imetyskerran vuorokausirytmist\u00e4 oli virallisissa ohjeissa luovuttu. Yh\u00e4 edelleen saattaa kuulla my\u00f6s uskomusta, ett\u00e4 vauvan vatsan tulee saada lev\u00e4t\u00e4 sy\u00f6tt\u00f6jen v\u00e4liss\u00e4.<\/p>\n\n\n\n<p>Vaikka my\u00f6hempi tutkimus on kumonnut sadan vuoden takaiset imetysohjeet, eiv\u00e4t viime vuosisadan alkuvuosikymmenien l\u00e4\u00e4k\u00e4ritk\u00e4\u00e4n perustaneet ohjeitaan vain uskomuksille. 1900-luvun alussa oli jo runsaasti tutkimustietoa etenkin rintamaidosta ja sen terveyshy\u00f6dyist\u00e4. Tutkimus liittyen keskosten ja vastasyntyneiden hoidon kehitt\u00e4miseen meni nopeasti eteenp\u00e4in Suomessa ja maailmalla. Arvo Ylp\u00f6n tutkimukset keskosten sairauksiin, kuolleisuuteen ja ravitsemukseen liittyen lukeutuivat kansainv\u00e4lisesti merkitt\u00e4vimpiin. H\u00e4nen tutkimusty\u00f6h\u00f6ns\u00e4 perustuu WHO:n edelleen k\u00e4ytt\u00e4m\u00e4 pienipainoisuuden kriteeri, syntym\u00e4paino alle 2500 g.<\/p>\n\n\n\n<p><a href=\"https:\/\/imetys.fi\/imetyselamaa\/imetyksen-vuosisata-1940-50-luvut\/\">Seuraavassa Imetyksen vuosisata -artikkelissa sukelletaan imetyksen historiaan sotien j\u00e4lkeisess\u00e4 Suomessa 1940- ja 50-luvuilla.<\/a><\/p>\n\n\n\n<p class=\"has-tumaanharmaa-color has-text-color has-link-color wp-elements-a27dcfed274a1860f48fa9a3d8c19592\"><em>Teksti on ilmestynyt aiemmin Imetysuutisten numerossa 1\/2024.<\/em><\/p>\n","protected":false},"excerpt":{"rendered":"<p>Vuoden 1918 kansalaissodasta toipuvassa Suomessa ajatukset k\u00e4\u00e4ntyiv\u00e4t aiempaa vahvemmin lastensuojelun ja lasten hyvinvoinnin parantamisen tarpeeseen. 1920-luvulle tultaessa yhteiskunnallinen ilmapiiri oli suotuisa my\u00f6s imetyksen edist\u00e4miselle. <\/p>\n","protected":false},"author":6,"featured_media":167,"comment_status":"closed","ping_status":"closed","sticky":false,"template":"","format":"standard","meta":{"footnotes":""},"categories":[49],"tags":[15,22,35,47,23,24],"class_list":["post-166","post","type-post","status-publish","format-standard","has-post-thumbnail","hentry","category-asiaa","tag-historia","tag-imetyksen-historia","tag-imetyksen-vuosisata","tag-imetysvalistus","tag-imevaiskuolleisuus","tag-neuvolatoiminta"],"_links":{"self":[{"href":"https:\/\/imetys.fi\/imetyselamaa\/wp-json\/wp\/v2\/posts\/166","targetHints":{"allow":["GET"]}}],"collection":[{"href":"https:\/\/imetys.fi\/imetyselamaa\/wp-json\/wp\/v2\/posts"}],"about":[{"href":"https:\/\/imetys.fi\/imetyselamaa\/wp-json\/wp\/v2\/types\/post"}],"author":[{"embeddable":true,"href":"https:\/\/imetys.fi\/imetyselamaa\/wp-json\/wp\/v2\/users\/6"}],"replies":[{"embeddable":true,"href":"https:\/\/imetys.fi\/imetyselamaa\/wp-json\/wp\/v2\/comments?post=166"}],"version-history":[{"count":12,"href":"https:\/\/imetys.fi\/imetyselamaa\/wp-json\/wp\/v2\/posts\/166\/revisions"}],"predecessor-version":[{"id":441,"href":"https:\/\/imetys.fi\/imetyselamaa\/wp-json\/wp\/v2\/posts\/166\/revisions\/441"}],"wp:featuredmedia":[{"embeddable":true,"href":"https:\/\/imetys.fi\/imetyselamaa\/wp-json\/wp\/v2\/media\/167"}],"wp:attachment":[{"href":"https:\/\/imetys.fi\/imetyselamaa\/wp-json\/wp\/v2\/media?parent=166"}],"wp:term":[{"taxonomy":"category","embeddable":true,"href":"https:\/\/imetys.fi\/imetyselamaa\/wp-json\/wp\/v2\/categories?post=166"},{"taxonomy":"post_tag","embeddable":true,"href":"https:\/\/imetys.fi\/imetyselamaa\/wp-json\/wp\/v2\/tags?post=166"}],"curies":[{"name":"wp","href":"https:\/\/api.w.org\/{rel}","templated":true}]}}